{"id":7659,"date":"2025-12-17T13:37:15","date_gmt":"2025-12-17T18:37:15","guid":{"rendered":"https:\/\/naplesclassical.org\/?p=7659"},"modified":"2025-12-17T13:37:16","modified_gmt":"2025-12-17T18:37:16","slug":"nca-featured-speaker-11-21-25","status":"publish","type":"post","link":"https:\/\/naplesclassical.org\/es\/nca-featured-speaker-11-21-25\/","title":{"rendered":"Orador destacado de la NCA 21\/11\/25"},"content":{"rendered":"<p>\u201cAlvin Hailin naci\u00f3 y creci\u00f3 en Pek\u00edn, pero \u00e9l y su familia nunca tuvieron un &quot;Hukou&quot; de Pek\u00edn, un sistema similar a las castas que restringe la libertad de circulaci\u00f3n y residencia de los ciudadanos chinos en su propio pa\u00eds. Esto finalmente anim\u00f3 a Alvin a asistir a una escuela secundaria internacional en Pek\u00edn y prepararse para su admisi\u00f3n en universidades estadounidenses.<\/p>\n\n\n\n<p>Durante la secundaria, Alvin aprendi\u00f3 a usar en secreto una VPN para acceder a internet m\u00e1s all\u00e1 del Gran Cortafuegos. Esto le permiti\u00f3 descubrir informaci\u00f3n oculta por el gobierno chino y comprender la libertad y la democracia observando las elecciones taiwanesas.<\/p>\n\n\n\n<p>En oto\u00f1o de 2020, en medio de la pandemia de COVID-19, Alvin comenz\u00f3 sus estudios en la Universidad de California en Santa B\u00e1rbara, pero tuvo que completar todo su primer a\u00f1o de forma remota desde China. Durante este tiempo, experiment\u00f3 la creciente implementaci\u00f3n del autoritarismo digital por parte del gobierno chino con el pretexto de controlar la pandemia. En abril de 2021, su cuenta de WeChat fue suspendida tras criticar la incompetencia del presidente Xi Jinping en un chat grupal con casi 200 miembros. Posteriormente, la polic\u00eda local lo amenaz\u00f3, afirmando que \u00e9l y su familia enfrentar\u00edan graves consecuencias si continuaba expresando su desacuerdo con el Partido Comunista, el gobierno chino y sus l\u00edderes.<\/p>\n\n\n\n<p>Al llegar a Estados Unidos, Alvin se uni\u00f3 a J\u00f3venes Estadounidenses por la Libertad con la aspiraci\u00f3n de compartir su historia con m\u00e1s estadounidenses. Tambi\u00e9n se convirti\u00f3 al cristianismo mientras superaba sus traumas. Alvin planea graduarse de la Universidad de California en Santa B\u00e1rbara con una doble especializaci\u00f3n en Matem\u00e1ticas Aplicadas e Historia de las Pol\u00edticas P\u00fablicas y el Derecho en la primavera de 2025. Tiene la intenci\u00f3n de solicitar admisi\u00f3n en facultades de derecho y convertirse en abogado en el futuro.\u201d <\/p>\n\n\n\n<p><a href=\"https:\/\/www.dissidentproject.org\/alvin-hailin\">https:\/\/www.dissidentproject.org\/alvin-hailin<\/a><\/p>\n\n\n\n<p><a href=\"https:\/\/www.youtube.com\/watch?v=wZQK77JbGrs\">Vea el v\u00eddeo de su presentaci\u00f3n en NCA aqu\u00ed<\/a><\/p>\n\n\n\n<p><\/p>","protected":false},"excerpt":{"rendered":"<p>&#8220;Alvin Hailin was born and raised in Beijing, but he and his family never held a Beijing &#8220;Hukou,&#8221; a caste-like system restricting Chinese citizens from freely moving and living within [&hellip;]<\/p>\n","protected":false},"author":5,"featured_media":7660,"comment_status":"closed","ping_status":"closed","sticky":false,"template":"","format":"standard","meta":{"_acf_changed":false,"footnotes":""},"categories":[],"tags":[],"class_list":["post-7659","post","type-post","status-publish","format-standard","has-post-thumbnail","hentry"],"acf":[],"yoast_head":"<!-- This site is optimized with the Yoast SEO plugin v27.4 - https:\/\/yoast.com\/product\/yoast-seo-wordpress\/ -->\n<title>NCA Featured Speaker 11.21.25 - Naples Classical Academy<\/title>\n<meta name=\"robots\" content=\"index, follow, max-snippet:-1, max-image-preview:large, max-video-preview:-1\" \/>\n<link rel=\"canonical\" href=\"https:\/\/naplesclassical.org\/es\/nca-featured-speaker-11-21-25\/\" \/>\n<meta property=\"og:locale\" content=\"es_MX\" \/>\n<meta property=\"og:type\" content=\"article\" \/>\n<meta property=\"og:title\" content=\"NCA Featured Speaker 11.21.25 - Naples Classical Academy\" \/>\n<meta property=\"og:description\" content=\"&#8220;Alvin Hailin was born and raised in Beijing, but he and his family never held a Beijing &#8220;Hukou,&#8221; a caste-like system restricting Chinese citizens from freely moving and living within [&hellip;]\" \/>\n<meta property=\"og:url\" content=\"https:\/\/naplesclassical.org\/es\/nca-featured-speaker-11-21-25\/\" \/>\n<meta property=\"og:site_name\" content=\"Naples Classical Academy\" \/>\n<meta property=\"article:publisher\" content=\"https:\/\/www.facebook.com\/naplesclassical\" \/>\n<meta property=\"article:published_time\" content=\"2025-12-17T18:37:15+00:00\" \/>\n<meta property=\"article:modified_time\" content=\"2025-12-17T18:37:16+00:00\" \/>\n<meta property=\"og:image\" content=\"https:\/\/naplesclassical.org\/wp-content\/uploads\/2025\/12\/speaker-11.21-b.jpeg\" \/>\n\t<meta property=\"og:image:width\" content=\"2048\" \/>\n\t<meta property=\"og:image:height\" content=\"1366\" \/>\n\t<meta property=\"og:image:type\" content=\"image\/jpeg\" \/>\n<meta name=\"author\" content=\"droth\" \/>\n<meta name=\"twitter:card\" content=\"summary_large_image\" \/>\n<meta name=\"twitter:label1\" content=\"Escrito por\" \/>\n\t<meta name=\"twitter:data1\" content=\"droth\" \/>\n\t<meta name=\"twitter:label2\" content=\"Tiempo de lectura\" \/>\n\t<meta name=\"twitter:data2\" content=\"2 minutos\" \/>\n<script type=\"application\/ld+json\" class=\"yoast-schema-graph\">{\"@context\":\"https:\\\/\\\/schema.org\",\"@graph\":[{\"@type\":\"Article\",\"@id\":\"https:\\\/\\\/naplesclassical.org\\\/nca-featured-speaker-11-21-25\\\/#article\",\"isPartOf\":{\"@id\":\"https:\\\/\\\/naplesclassical.org\\\/nca-featured-speaker-11-21-25\\\/\"},\"author\":{\"name\":\"droth\",\"@id\":\"https:\\\/\\\/naplesclassical.org\\\/#\\\/schema\\\/person\\\/f40fdd5d0ff72ef45193eab76af4bb30\"},\"headline\":\"NCA Featured Speaker 11.21.25\",\"datePublished\":\"2025-12-17T18:37:15+00:00\",\"dateModified\":\"2025-12-17T18:37:16+00:00\",\"mainEntityOfPage\":{\"@id\":\"https:\\\/\\\/naplesclassical.org\\\/nca-featured-speaker-11-21-25\\\/\"},\"wordCount\":279,\"publisher\":{\"@id\":\"https:\\\/\\\/naplesclassical.org\\\/#organization\"},\"image\":{\"@id\":\"https:\\\/\\\/naplesclassical.org\\\/nca-featured-speaker-11-21-25\\\/#primaryimage\"},\"thumbnailUrl\":\"https:\\\/\\\/naplesclassical.org\\\/wp-content\\\/uploads\\\/2025\\\/12\\\/speaker-11.21-b.jpeg\",\"inLanguage\":\"es\"},{\"@type\":\"WebPage\",\"@id\":\"https:\\\/\\\/naplesclassical.org\\\/nca-featured-speaker-11-21-25\\\/\",\"url\":\"https:\\\/\\\/naplesclassical.org\\\/nca-featured-speaker-11-21-25\\\/\",\"name\":\"NCA Featured Speaker 11.21.25 - Naples Classical Academy\",\"isPartOf\":{\"@id\":\"https:\\\/\\\/naplesclassical.org\\\/#website\"},\"primaryImageOfPage\":{\"@id\":\"https:\\\/\\\/naplesclassical.org\\\/nca-featured-speaker-11-21-25\\\/#primaryimage\"},\"image\":{\"@id\":\"https:\\\/\\\/naplesclassical.org\\\/nca-featured-speaker-11-21-25\\\/#primaryimage\"},\"thumbnailUrl\":\"https:\\\/\\\/naplesclassical.org\\\/wp-content\\\/uploads\\\/2025\\\/12\\\/speaker-11.21-b.jpeg\",\"datePublished\":\"2025-12-17T18:37:15+00:00\",\"dateModified\":\"2025-12-17T18:37:16+00:00\",\"breadcrumb\":{\"@id\":\"https:\\\/\\\/naplesclassical.org\\\/nca-featured-speaker-11-21-25\\\/#breadcrumb\"},\"inLanguage\":\"es\",\"potentialAction\":[{\"@type\":\"ReadAction\",\"target\":[\"https:\\\/\\\/naplesclassical.org\\\/nca-featured-speaker-11-21-25\\\/\"]}]},{\"@type\":\"ImageObject\",\"inLanguage\":\"es\",\"@id\":\"https:\\\/\\\/naplesclassical.org\\\/nca-featured-speaker-11-21-25\\\/#primaryimage\",\"url\":\"https:\\\/\\\/naplesclassical.org\\\/wp-content\\\/uploads\\\/2025\\\/12\\\/speaker-11.21-b.jpeg\",\"contentUrl\":\"https:\\\/\\\/naplesclassical.org\\\/wp-content\\\/uploads\\\/2025\\\/12\\\/speaker-11.21-b.jpeg\",\"width\":2048,\"height\":1366},{\"@type\":\"BreadcrumbList\",\"@id\":\"https:\\\/\\\/naplesclassical.org\\\/nca-featured-speaker-11-21-25\\\/#breadcrumb\",\"itemListElement\":[{\"@type\":\"ListItem\",\"position\":1,\"name\":\"Home\",\"item\":\"https:\\\/\\\/naplesclassical.org\\\/\"},{\"@type\":\"ListItem\",\"position\":2,\"name\":\"NCA Featured Speaker 11.21.25\"}]},{\"@type\":\"WebSite\",\"@id\":\"https:\\\/\\\/naplesclassical.org\\\/#website\",\"url\":\"https:\\\/\\\/naplesclassical.org\\\/\",\"name\":\"Naples Classical Academy\",\"description\":\"\",\"publisher\":{\"@id\":\"https:\\\/\\\/naplesclassical.org\\\/#organization\"},\"potentialAction\":[{\"@type\":\"SearchAction\",\"target\":{\"@type\":\"EntryPoint\",\"urlTemplate\":\"https:\\\/\\\/naplesclassical.org\\\/?s={search_term_string}\"},\"query-input\":{\"@type\":\"PropertyValueSpecification\",\"valueRequired\":true,\"valueName\":\"search_term_string\"}}],\"inLanguage\":\"es\"},{\"@type\":\"Organization\",\"@id\":\"https:\\\/\\\/naplesclassical.org\\\/#organization\",\"name\":\"Naples Classical Academy\",\"url\":\"https:\\\/\\\/naplesclassical.org\\\/\",\"logo\":{\"@type\":\"ImageObject\",\"inLanguage\":\"es\",\"@id\":\"https:\\\/\\\/naplesclassical.org\\\/#\\\/schema\\\/logo\\\/image\\\/\",\"url\":\"https:\\\/\\\/naplesclassical.org\\\/wp-content\\\/uploads\\\/2025\\\/07\\\/NCA-Logo-Suite_Primary-Color-scaled.png\",\"contentUrl\":\"https:\\\/\\\/naplesclassical.org\\\/wp-content\\\/uploads\\\/2025\\\/07\\\/NCA-Logo-Suite_Primary-Color-scaled.png\",\"width\":2560,\"height\":2560,\"caption\":\"Naples Classical Academy\"},\"image\":{\"@id\":\"https:\\\/\\\/naplesclassical.org\\\/#\\\/schema\\\/logo\\\/image\\\/\"},\"sameAs\":[\"https:\\\/\\\/www.facebook.com\\\/naplesclassical\",\"https:\\\/\\\/www.instagram.com\\\/naplesclassical\\\/\",\"https:\\\/\\\/www.youtube.com\\\/@naplesclassicalacademy\",\"https:\\\/\\\/www.linkedin.com\\\/company\\\/naples-classical-academy\\\/\"]},{\"@type\":\"Person\",\"@id\":\"https:\\\/\\\/naplesclassical.org\\\/#\\\/schema\\\/person\\\/f40fdd5d0ff72ef45193eab76af4bb30\",\"name\":\"droth\",\"image\":{\"@type\":\"ImageObject\",\"inLanguage\":\"es\",\"@id\":\"https:\\\/\\\/secure.gravatar.com\\\/avatar\\\/00a36a9db40c99872a8e0c223049b64cf5cf4cb767a3e60e3aaf7b08484b7b8b?s=96&d=mm&r=g\",\"url\":\"https:\\\/\\\/secure.gravatar.com\\\/avatar\\\/00a36a9db40c99872a8e0c223049b64cf5cf4cb767a3e60e3aaf7b08484b7b8b?s=96&d=mm&r=g\",\"contentUrl\":\"https:\\\/\\\/secure.gravatar.com\\\/avatar\\\/00a36a9db40c99872a8e0c223049b64cf5cf4cb767a3e60e3aaf7b08484b7b8b?s=96&d=mm&r=g\",\"caption\":\"droth\"},\"url\":\"https:\\\/\\\/naplesclassical.org\\\/es\\\/author\\\/droth\\\/\"}]}<\/script>\n<!-- \/ Yoast SEO plugin. -->","yoast_head_json":{"title":"Orador destacado de la NCA, 21\/11\/25 - Academia Cl\u00e1sica de N\u00e1poles","robots":{"index":"index","follow":"follow","max-snippet":"max-snippet:-1","max-image-preview":"max-image-preview:large","max-video-preview":"max-video-preview:-1"},"canonical":"https:\/\/naplesclassical.org\/es\/nca-featured-speaker-11-21-25\/","og_locale":"es_MX","og_type":"article","og_title":"NCA Featured Speaker 11.21.25 - Naples Classical Academy","og_description":"&#8220;Alvin Hailin was born and raised in Beijing, but he and his family never held a Beijing &#8220;Hukou,&#8221; a caste-like system restricting Chinese citizens from freely moving and living within [&hellip;]","og_url":"https:\/\/naplesclassical.org\/es\/nca-featured-speaker-11-21-25\/","og_site_name":"Naples Classical Academy","article_publisher":"https:\/\/www.facebook.com\/naplesclassical","article_published_time":"2025-12-17T18:37:15+00:00","article_modified_time":"2025-12-17T18:37:16+00:00","og_image":[{"width":2048,"height":1366,"url":"https:\/\/naplesclassical.org\/wp-content\/uploads\/2025\/12\/speaker-11.21-b.jpeg","type":"image\/jpeg"}],"author":"droth","twitter_card":"summary_large_image","twitter_misc":{"Escrito por":"droth","Tiempo de lectura":"2 minutos"},"schema":{"@context":"https:\/\/schema.org","@graph":[{"@type":"Article","@id":"https:\/\/naplesclassical.org\/nca-featured-speaker-11-21-25\/#article","isPartOf":{"@id":"https:\/\/naplesclassical.org\/nca-featured-speaker-11-21-25\/"},"author":{"name":"droth","@id":"https:\/\/naplesclassical.org\/#\/schema\/person\/f40fdd5d0ff72ef45193eab76af4bb30"},"headline":"NCA Featured Speaker 11.21.25","datePublished":"2025-12-17T18:37:15+00:00","dateModified":"2025-12-17T18:37:16+00:00","mainEntityOfPage":{"@id":"https:\/\/naplesclassical.org\/nca-featured-speaker-11-21-25\/"},"wordCount":279,"publisher":{"@id":"https:\/\/naplesclassical.org\/#organization"},"image":{"@id":"https:\/\/naplesclassical.org\/nca-featured-speaker-11-21-25\/#primaryimage"},"thumbnailUrl":"https:\/\/naplesclassical.org\/wp-content\/uploads\/2025\/12\/speaker-11.21-b.jpeg","inLanguage":"es"},{"@type":"WebPage","@id":"https:\/\/naplesclassical.org\/nca-featured-speaker-11-21-25\/","url":"https:\/\/naplesclassical.org\/nca-featured-speaker-11-21-25\/","name":"Orador destacado de la NCA, 21\/11\/25 - Academia Cl\u00e1sica de N\u00e1poles","isPartOf":{"@id":"https:\/\/naplesclassical.org\/#website"},"primaryImageOfPage":{"@id":"https:\/\/naplesclassical.org\/nca-featured-speaker-11-21-25\/#primaryimage"},"image":{"@id":"https:\/\/naplesclassical.org\/nca-featured-speaker-11-21-25\/#primaryimage"},"thumbnailUrl":"https:\/\/naplesclassical.org\/wp-content\/uploads\/2025\/12\/speaker-11.21-b.jpeg","datePublished":"2025-12-17T18:37:15+00:00","dateModified":"2025-12-17T18:37:16+00:00","breadcrumb":{"@id":"https:\/\/naplesclassical.org\/nca-featured-speaker-11-21-25\/#breadcrumb"},"inLanguage":"es","potentialAction":[{"@type":"ReadAction","target":["https:\/\/naplesclassical.org\/nca-featured-speaker-11-21-25\/"]}]},{"@type":"ImageObject","inLanguage":"es","@id":"https:\/\/naplesclassical.org\/nca-featured-speaker-11-21-25\/#primaryimage","url":"https:\/\/naplesclassical.org\/wp-content\/uploads\/2025\/12\/speaker-11.21-b.jpeg","contentUrl":"https:\/\/naplesclassical.org\/wp-content\/uploads\/2025\/12\/speaker-11.21-b.jpeg","width":2048,"height":1366},{"@type":"BreadcrumbList","@id":"https:\/\/naplesclassical.org\/nca-featured-speaker-11-21-25\/#breadcrumb","itemListElement":[{"@type":"ListItem","position":1,"name":"Home","item":"https:\/\/naplesclassical.org\/"},{"@type":"ListItem","position":2,"name":"NCA Featured Speaker 11.21.25"}]},{"@type":"WebSite","@id":"https:\/\/naplesclassical.org\/#website","url":"https:\/\/naplesclassical.org\/","name":"Academia Cl\u00e1sica de N\u00e1poles","description":"","publisher":{"@id":"https:\/\/naplesclassical.org\/#organization"},"potentialAction":[{"@type":"SearchAction","target":{"@type":"EntryPoint","urlTemplate":"https:\/\/naplesclassical.org\/?s={search_term_string}"},"query-input":{"@type":"PropertyValueSpecification","valueRequired":true,"valueName":"search_term_string"}}],"inLanguage":"es"},{"@type":"Organization","@id":"https:\/\/naplesclassical.org\/#organization","name":"Academia Cl\u00e1sica de N\u00e1poles","url":"https:\/\/naplesclassical.org\/","logo":{"@type":"ImageObject","inLanguage":"es","@id":"https:\/\/naplesclassical.org\/#\/schema\/logo\/image\/","url":"https:\/\/naplesclassical.org\/wp-content\/uploads\/2025\/07\/NCA-Logo-Suite_Primary-Color-scaled.png","contentUrl":"https:\/\/naplesclassical.org\/wp-content\/uploads\/2025\/07\/NCA-Logo-Suite_Primary-Color-scaled.png","width":2560,"height":2560,"caption":"Naples Classical Academy"},"image":{"@id":"https:\/\/naplesclassical.org\/#\/schema\/logo\/image\/"},"sameAs":["https:\/\/www.facebook.com\/naplesclassical","https:\/\/www.instagram.com\/naplesclassical\/","https:\/\/www.youtube.com\/@naplesclassicalacademy","https:\/\/www.linkedin.com\/company\/naples-classical-academy\/"]},{"@type":"Person","@id":"https:\/\/naplesclassical.org\/#\/schema\/person\/f40fdd5d0ff72ef45193eab76af4bb30","name":"Droth","image":{"@type":"ImageObject","inLanguage":"es","@id":"https:\/\/secure.gravatar.com\/avatar\/00a36a9db40c99872a8e0c223049b64cf5cf4cb767a3e60e3aaf7b08484b7b8b?s=96&d=mm&r=g","url":"https:\/\/secure.gravatar.com\/avatar\/00a36a9db40c99872a8e0c223049b64cf5cf4cb767a3e60e3aaf7b08484b7b8b?s=96&d=mm&r=g","contentUrl":"https:\/\/secure.gravatar.com\/avatar\/00a36a9db40c99872a8e0c223049b64cf5cf4cb767a3e60e3aaf7b08484b7b8b?s=96&d=mm&r=g","caption":"droth"},"url":"https:\/\/naplesclassical.org\/es\/author\/droth\/"}]}},"_links":{"self":[{"href":"https:\/\/naplesclassical.org\/es\/wp-json\/wp\/v2\/posts\/7659","targetHints":{"allow":["GET"]}}],"collection":[{"href":"https:\/\/naplesclassical.org\/es\/wp-json\/wp\/v2\/posts"}],"about":[{"href":"https:\/\/naplesclassical.org\/es\/wp-json\/wp\/v2\/types\/post"}],"author":[{"embeddable":true,"href":"https:\/\/naplesclassical.org\/es\/wp-json\/wp\/v2\/users\/5"}],"replies":[{"embeddable":true,"href":"https:\/\/naplesclassical.org\/es\/wp-json\/wp\/v2\/comments?post=7659"}],"version-history":[{"count":0,"href":"https:\/\/naplesclassical.org\/es\/wp-json\/wp\/v2\/posts\/7659\/revisions"}],"wp:featuredmedia":[{"embeddable":true,"href":"https:\/\/naplesclassical.org\/es\/wp-json\/wp\/v2\/media\/7660"}],"wp:attachment":[{"href":"https:\/\/naplesclassical.org\/es\/wp-json\/wp\/v2\/media?parent=7659"}],"wp:term":[{"taxonomy":"category","embeddable":true,"href":"https:\/\/naplesclassical.org\/es\/wp-json\/wp\/v2\/categories?post=7659"},{"taxonomy":"post_tag","embeddable":true,"href":"https:\/\/naplesclassical.org\/es\/wp-json\/wp\/v2\/tags?post=7659"}],"curies":[{"name":"wp","href":"https:\/\/api.w.org\/{rel}","templated":true}]}}